{"id":15094,"date":"2023-07-28T11:14:57","date_gmt":"2023-07-28T09:14:57","guid":{"rendered":"https:\/\/www.altermutua.com\/?p=15094"},"modified":"2023-07-28T11:22:01","modified_gmt":"2023-07-28T09:22:01","slug":"durant-les-vacances-cuida-el-teu-cor","status":"publish","type":"post","link":"https:\/\/www.altermutua.com\/ca\/durant-les-vacances-cuida-el-teu-cor\/","title":{"rendered":"Durant les vacances, cuida el teu cor"},"content":{"rendered":"<p><em>T&#8217;expliquem com pots cuidar del teu cor a l&#8217;estiu per seguir tenint cura de la teva salut cardiovascular, i fer front a les altes temperatures i al canvi d&#8217;h\u00e0bits durant les vacances<\/em><\/p>\n<p>Sovint, les vacances s\u00f3n sin\u00f2nim d&#8217;oblidar les rutines, relaxar-se amb els bons h\u00e0bits alimentaris, desconnectar de les obligacions&#8230; per\u00f2 l&#8217;estiu \u00e9s tamb\u00e9 un moment excel\u00b7lent per descansar, incorporar fruita i verdura de temporada en la nostra dieta i gaudir de l&#8217;aire lliure per fer activitat f\u00edsica i exercici evitant les hores de m\u00e9s calor.<\/p>\n<p>Fins i tot pot ser una bona oportunitat per provar noves activitats i adoptar-les aprofitant els avantatges de l&#8217;\u00e8poca estival.<\/p>\n<p>&nbsp;<\/p>\n<h3><strong>Calor i salut cardiovascular<\/strong><\/h3>\n<p>Les temperatures elevades a l&#8217;estiu poden afectar la nostra salut cardiovascular en diferents aspectes, com ara incrementar la freq\u00fc\u00e8ncia card\u00edaca o alterar la pressi\u00f3 arterial, el colesterol i la viscositat de la sang.<\/p>\n<p>Amb l&#8217;augment de les temperatures, el nostre organisme utilitza la suor per regular la calor corporal i per aquesta ra\u00f3, a l&#8217;estiu, una persona adulta pot arribar a suar entre 1 i 2 litres d&#8217;aigua al dia. Perqu\u00e8 aix\u00f2 sigui possible, el nostre sistema cardiovascular necessita transportar a la pell gran quantitat de sang que aporti l&#8217;aigua que necessiten les gl\u00e0ndules sudor\u00edpares, amb el corresponent sobreesfor\u00e7 que aix\u00f2 comporta.<\/p>\n<p>Aquest \u00e9s un dels motius pels quals \u00e9s molt important tamb\u00e9 mantenir una bona hidrataci\u00f3, no nom\u00e9s per minimitzar el risc cardiovascular, sin\u00f3 tamb\u00e9 per a la salut en general, sobretot per a les persones m\u00e9s vulnerables com s\u00f3n la gent gran i els infants.<\/p>\n<p>&nbsp;<\/p>\n<h3><strong>Consells per cuidar el cor a l&#8217;estiu<\/strong><\/h3>\n<p>Per tot el que hem vist, encara que l&#8217;estiu \u00e9s un moment de desconnexi\u00f3 i descans, hem d&#8217;estar atents que els canvis d&#8217;aquesta \u00e8poca de l&#8217;any no afectin negativament la nostra salut cardiovascular, i per aix\u00f2 cal tenir en compte uns senzills consells:<\/p>\n<ul>\n<li><strong>Cuida la teva alimentaci\u00f3<\/strong><\/li>\n<\/ul>\n<p style=\"padding-left: 40px;\">Si el que t\u2019agrada \u00e9s lluir-te a la cuina quan tens temps lliure a les vacances, pots aprofitar l&#8217;abund\u00e0ncia de verdures fresques de l&#8217;estaci\u00f3 per preparar plats saludables com amanides, cremes fredes, etc., acompanyar-los de peix blau ric en omega 3 com sardines o seitons, i acabar amb les sucoses fruites de temporada com pr\u00e9ssec, mel\u00f3, s\u00edndria\u2026<\/p>\n<p style=\"padding-left: 40px;\">Si, per contra, t&#8217;encanta anar a menjar fora de casa, vigila amb els greixos i la sal, i intenta triar productes cardiosaludables i reduir la ingesta de begudes alcoh\u00f2liques.<\/p>\n<ul>\n<li><strong>Hidrata\u2019t!<\/strong><\/li>\n<\/ul>\n<p style=\"padding-left: 40px;\">Abans v\u00e8iem la import\u00e0ncia d&#8217;una bona hidrataci\u00f3, aix\u00ed <strong>que beure aigua durant tot el dia regularment, encara que no es tingui set<\/strong>, \u00e9s una de les recomanacions m\u00e9s freq\u00fcents que no hem d&#8217;obviar.<\/p>\n<ul>\n<li><strong>Mou el cos, mou el cor<\/strong><\/li>\n<\/ul>\n<p style=\"padding-left: 40px;\">Les vacances tamb\u00e9 s\u00f3n un bon moment per fer exercici. Caminar, nedar, anar amb bicicleta o practicar qualsevol activitat f\u00edsica de forma moderada en les hores de menys calor, t&#8217;ajudar\u00e0 a millorar el teu sistema cardiovascular.<\/p>\n<ul>\n<li><strong>Descansa adequadament<\/strong><\/li>\n<\/ul>\n<p style=\"padding-left: 40px;\">Les vacances s\u00f3n el moment ideal per relaxar-te, desconnectar i descansar del tr\u00e0fec i l&#8217;estr\u00e8s de tot l&#8217;any.<\/p>\n<p style=\"padding-left: 40px;\">Quan tenim la sort de viatjar sovint volem fer moltes coses i ens mantenim excessivament actius. En aquestes circumst\u00e0ncies, descuidar el descans no \u00e9s una opci\u00f3, ja que el cos s&#8217;ha de recuperar de l&#8217;exc\u00e9s d&#8217;activitat i el sobreesfor\u00e7 cardiovascular per la calor.<\/p>\n<p style=\"padding-left: 40px;\">Per descomptat, el descans nocturn i dormir b\u00e9 a la nit \u00e9s fonamental. I, si a m\u00e9s a m\u00e9s pots fer una petita migdiada, el teu organisme t&#8217;ho agrair\u00e0.<\/p>\n<ul>\n<li><strong>S\u00edndrome de la classe turista<\/strong><\/li>\n<\/ul>\n<p style=\"padding-left: 40px;\">Moltes persones fan servir les vacances per viatjar lluny. Freq\u00fcentment, es tracta de trajectes llargs que es realitzen amb avi\u00f3, fet que suposa la necessitat de romandre imm\u00f2bil durant molt de temps. En aquest tipus de despla\u00e7aments, si no es prenen precaucions, es pot patir l&#8217;anomenada \u201cs\u00edndrome de la classe turista\u201d. La inactivitat comporta que la circulaci\u00f3 de la sang s&#8217;alenteixi i pot produir-se algun co\u00e0gul, cosa que pot ocasionar danys greus.<\/p>\n<p style=\"padding-left: 40px;\">Per prevenir-la, durant el viatge \u00e9s convenient aixecar-se del seient i fer una petita passejada, fer estiraments i no portar roba ajustada.<\/p>\n<p>Aix\u00ed doncs, ja ho has vist! L&#8217;estiu i les vacances poden ser un bon moment per cuidar-se. Aprofita els beneficis que t&#8217;ofereix aquesta \u00e8poca de l&#8217;any per tenir cura de la salut del teu cor.<\/p>\n<p>&nbsp;<\/p>\n<h3><strong>A Alter M\u00fatua t\u2019ajudem a cuidar-te<\/strong><\/h3>\n<p>Pel simple fet de ser mutualista, tens a la teva disposici\u00f3 el <a href=\"https:\/\/www.altermutua.com\/ca\/salut\/serveis-de-benestar\/\" target=\"_blank\" rel=\"noopener\">Servei d\u2019Orientaci\u00f3 Nutricional<\/a>, format per un equip de nutricionistes i metges especialitzats que t\u2019orientaran per confeccionar pautes aliment\u00e0ries en funci\u00f3 de les teves particularitats i necessitats.<\/p>\n<p>I si vols una atenci\u00f3 completa per a la teva salut, amb la nostra <a href=\"https:\/\/www.altermutua.com\/ca\/salut\/asseguranca-de-salut\/\" target=\"_blank\" rel=\"noopener\">Asseguran\u00e7a de Salut<\/a> gaudir\u00e0s dels serveis m\u00e9s complets per a advocats i advocades, inclosa una revisi\u00f3 preventiva anual, reemborsament en ginecologia i pediatria, urg\u00e8ncies a domicili&#8230; informa-te\u2019n!<\/p>\n","protected":false},"excerpt":{"rendered":"<p>T&#8217;expliquem com pots cuidar del teu cor a l&#8217;estiu per seguir tenint cura de la teva salut cardiovascular, i fer front a les altes temperatures i al canvi d&#8217;h\u00e0bits durant les vacances<\/p>\n","protected":false},"author":3,"featured_media":15112,"comment_status":"closed","ping_status":"open","sticky":false,"template":"","format":"standard","meta":{"_acf_changed":false,"footnotes":""},"categories":[14],"tags":[],"class_list":["post-15094","post","type-post","status-publish","format-standard","has-post-thumbnail","hentry","category-salut"],"acf":[],"yoast_head":"<!-- This site is optimized with the Yoast SEO Premium plugin v26.3 (Yoast SEO v27.5) - https:\/\/yoast.com\/product\/yoast-seo-premium-wordpress\/ -->\n<title>Durant les vacances, cuida el teu cor - Alter M\u00fatua<\/title>\n<meta name=\"description\" content=\"Cuida el teu cor a l&#039;estiu per tenir cura de la teva salut cardiovascular, i fer front a la calor i al canvi d&#039;h\u00e0bits durant les vacances\" \/>\n<meta name=\"robots\" content=\"index, follow, max-snippet:-1, max-image-preview:large, max-video-preview:-1\" \/>\n<link rel=\"canonical\" href=\"https:\/\/www.altermutua.com\/ca\/durant-les-vacances-cuida-el-teu-cor\/\" \/>\n<meta property=\"og:locale\" content=\"ca_ES\" \/>\n<meta property=\"og:type\" content=\"article\" \/>\n<meta property=\"og:title\" content=\"Durant les vacances, cuida el teu cor\" \/>\n<meta property=\"og:description\" content=\"Cuida el teu cor a l&#039;estiu per tenir cura de la teva salut cardiovascular, i fer front a la calor i al canvi d&#039;h\u00e0bits durant les vacances\" \/>\n<meta property=\"og:url\" content=\"https:\/\/www.altermutua.com\/ca\/durant-les-vacances-cuida-el-teu-cor\/\" \/>\n<meta property=\"og:site_name\" content=\"Alter M\u00fatua\" \/>\n<meta property=\"article:publisher\" content=\"https:\/\/www.facebook.com\/altermutua\/\" \/>\n<meta property=\"article:published_time\" content=\"2023-07-28T09:14:57+00:00\" \/>\n<meta property=\"article:modified_time\" content=\"2023-07-28T09:22:01+00:00\" \/>\n<meta property=\"og:image\" content=\"https:\/\/www.altermutua.com\/wp-content\/uploads\/2023\/07\/blog_cor_estiu1.jpeg\" \/>\n\t<meta property=\"og:image:width\" content=\"500\" \/>\n\t<meta property=\"og:image:height\" content=\"316\" \/>\n\t<meta property=\"og:image:type\" content=\"image\/jpeg\" \/>\n<meta name=\"author\" content=\"Helena Roqu\u00e9\" \/>\n<meta name=\"twitter:card\" content=\"summary_large_image\" \/>\n<meta name=\"twitter:creator\" content=\"@altermutua\" \/>\n<meta name=\"twitter:site\" content=\"@altermutua\" \/>\n<meta name=\"twitter:label1\" content=\"Escrit per\" \/>\n\t<meta name=\"twitter:data1\" content=\"Helena Roqu\u00e9\" \/>\n\t<meta name=\"twitter:label2\" content=\"Temps estimat de lectura\" \/>\n\t<meta name=\"twitter:data2\" content=\"5 minuts\" \/>\n<script type=\"application\/ld+json\" class=\"yoast-schema-graph\">{\"@context\":\"https:\\\/\\\/schema.org\",\"@graph\":[{\"@type\":\"Article\",\"@id\":\"https:\\\/\\\/www.altermutua.com\\\/ca\\\/durant-les-vacances-cuida-el-teu-cor\\\/#article\",\"isPartOf\":{\"@id\":\"https:\\\/\\\/www.altermutua.com\\\/ca\\\/durant-les-vacances-cuida-el-teu-cor\\\/\"},\"author\":{\"name\":\"Helena Roqu\u00e9\",\"@id\":\"https:\\\/\\\/www.altermutua.com\\\/ca\\\/#\\\/schema\\\/person\\\/db224fb934342ad5d327b49bc1c200db\"},\"headline\":\"Durant les vacances, cuida el teu cor\",\"datePublished\":\"2023-07-28T09:14:57+00:00\",\"dateModified\":\"2023-07-28T09:22:01+00:00\",\"mainEntityOfPage\":{\"@id\":\"https:\\\/\\\/www.altermutua.com\\\/ca\\\/durant-les-vacances-cuida-el-teu-cor\\\/\"},\"wordCount\":874,\"publisher\":{\"@id\":\"https:\\\/\\\/www.altermutua.com\\\/ca\\\/#organization\"},\"image\":{\"@id\":\"https:\\\/\\\/www.altermutua.com\\\/ca\\\/durant-les-vacances-cuida-el-teu-cor\\\/#primaryimage\"},\"thumbnailUrl\":\"https:\\\/\\\/www.altermutua.com\\\/wp-content\\\/uploads\\\/2023\\\/07\\\/blog_cor_estiu1.jpeg\",\"articleSection\":[\"Salut\"],\"inLanguage\":\"ca\"},{\"@type\":\"WebPage\",\"@id\":\"https:\\\/\\\/www.altermutua.com\\\/ca\\\/durant-les-vacances-cuida-el-teu-cor\\\/\",\"url\":\"https:\\\/\\\/www.altermutua.com\\\/ca\\\/durant-les-vacances-cuida-el-teu-cor\\\/\",\"name\":\"Durant les vacances, cuida el teu cor - Alter M\u00fatua\",\"isPartOf\":{\"@id\":\"https:\\\/\\\/www.altermutua.com\\\/ca\\\/#website\"},\"primaryImageOfPage\":{\"@id\":\"https:\\\/\\\/www.altermutua.com\\\/ca\\\/durant-les-vacances-cuida-el-teu-cor\\\/#primaryimage\"},\"image\":{\"@id\":\"https:\\\/\\\/www.altermutua.com\\\/ca\\\/durant-les-vacances-cuida-el-teu-cor\\\/#primaryimage\"},\"thumbnailUrl\":\"https:\\\/\\\/www.altermutua.com\\\/wp-content\\\/uploads\\\/2023\\\/07\\\/blog_cor_estiu1.jpeg\",\"datePublished\":\"2023-07-28T09:14:57+00:00\",\"dateModified\":\"2023-07-28T09:22:01+00:00\",\"description\":\"Cuida el teu cor a l'estiu per tenir cura de la teva salut cardiovascular, i fer front a la calor i al canvi d'h\u00e0bits durant les vacances\",\"breadcrumb\":{\"@id\":\"https:\\\/\\\/www.altermutua.com\\\/ca\\\/durant-les-vacances-cuida-el-teu-cor\\\/#breadcrumb\"},\"inLanguage\":\"ca\",\"potentialAction\":[{\"@type\":\"ReadAction\",\"target\":[\"https:\\\/\\\/www.altermutua.com\\\/ca\\\/durant-les-vacances-cuida-el-teu-cor\\\/\"]}]},{\"@type\":\"ImageObject\",\"inLanguage\":\"ca\",\"@id\":\"https:\\\/\\\/www.altermutua.com\\\/ca\\\/durant-les-vacances-cuida-el-teu-cor\\\/#primaryimage\",\"url\":\"https:\\\/\\\/www.altermutua.com\\\/wp-content\\\/uploads\\\/2023\\\/07\\\/blog_cor_estiu1.jpeg\",\"contentUrl\":\"https:\\\/\\\/www.altermutua.com\\\/wp-content\\\/uploads\\\/2023\\\/07\\\/blog_cor_estiu1.jpeg\",\"width\":500,\"height\":316},{\"@type\":\"BreadcrumbList\",\"@id\":\"https:\\\/\\\/www.altermutua.com\\\/ca\\\/durant-les-vacances-cuida-el-teu-cor\\\/#breadcrumb\",\"itemListElement\":[{\"@type\":\"ListItem\",\"position\":1,\"name\":\"Inici\",\"item\":\"https:\\\/\\\/www.altermutua.com\\\/ca\\\/\"},{\"@type\":\"ListItem\",\"position\":2,\"name\":\"Durant les vacances, cuida el teu cor\"}]},{\"@type\":\"WebSite\",\"@id\":\"https:\\\/\\\/www.altermutua.com\\\/ca\\\/#website\",\"url\":\"https:\\\/\\\/www.altermutua.com\\\/ca\\\/\",\"name\":\"Alter M\u00fatua\",\"description\":\"La M\u00fatua dels Advocats i Advocades\",\"publisher\":{\"@id\":\"https:\\\/\\\/www.altermutua.com\\\/ca\\\/#organization\"},\"potentialAction\":[{\"@type\":\"SearchAction\",\"target\":{\"@type\":\"EntryPoint\",\"urlTemplate\":\"https:\\\/\\\/www.altermutua.com\\\/ca\\\/?s={search_term_string}\"},\"query-input\":{\"@type\":\"PropertyValueSpecification\",\"valueRequired\":true,\"valueName\":\"search_term_string\"}}],\"inLanguage\":\"ca\"},{\"@type\":\"Organization\",\"@id\":\"https:\\\/\\\/www.altermutua.com\\\/ca\\\/#organization\",\"name\":\"Alter Mutua de los Abogados y Abogadas\",\"url\":\"https:\\\/\\\/www.altermutua.com\\\/ca\\\/\",\"logo\":{\"@type\":\"ImageObject\",\"inLanguage\":\"ca\",\"@id\":\"https:\\\/\\\/www.altermutua.com\\\/ca\\\/#\\\/schema\\\/logo\\\/image\\\/\",\"url\":\"https:\\\/\\\/www.altermutua.com\\\/wp-content\\\/uploads\\\/2021\\\/04\\\/logo_altermutua_CA-1.svg\",\"contentUrl\":\"https:\\\/\\\/www.altermutua.com\\\/wp-content\\\/uploads\\\/2021\\\/04\\\/logo_altermutua_CA-1.svg\",\"width\":358,\"height\":133,\"caption\":\"Alter Mutua de los Abogados y Abogadas\"},\"image\":{\"@id\":\"https:\\\/\\\/www.altermutua.com\\\/ca\\\/#\\\/schema\\\/logo\\\/image\\\/\"},\"sameAs\":[\"https:\\\/\\\/www.facebook.com\\\/altermutua\\\/\",\"https:\\\/\\\/x.com\\\/altermutua\",\"https:\\\/\\\/www.linkedin.com\\\/company\\\/alter-mutua-de-los-abogados\\\/mycompany\\\/\",\"https:\\\/\\\/www.youtube.com\\\/channel\\\/UC1KJifmWZw8mUVxcfjQrHog\"]},{\"@type\":\"Person\",\"@id\":\"https:\\\/\\\/www.altermutua.com\\\/ca\\\/#\\\/schema\\\/person\\\/db224fb934342ad5d327b49bc1c200db\",\"name\":\"Helena Roqu\u00e9\",\"image\":{\"@type\":\"ImageObject\",\"inLanguage\":\"ca\",\"@id\":\"https:\\\/\\\/secure.gravatar.com\\\/avatar\\\/976a2575b3b2bb56219d38905e2b4ea4e9dc207b2ee036eeadb04920852b4f3d?s=96&d=mm&r=g\",\"url\":\"https:\\\/\\\/secure.gravatar.com\\\/avatar\\\/976a2575b3b2bb56219d38905e2b4ea4e9dc207b2ee036eeadb04920852b4f3d?s=96&d=mm&r=g\",\"contentUrl\":\"https:\\\/\\\/secure.gravatar.com\\\/avatar\\\/976a2575b3b2bb56219d38905e2b4ea4e9dc207b2ee036eeadb04920852b4f3d?s=96&d=mm&r=g\",\"caption\":\"Helena Roqu\u00e9\"}}]}<\/script>\n<!-- \/ Yoast SEO Premium plugin. -->","yoast_head_json":{"title":"Durant les vacances, cuida el teu cor - Alter M\u00fatua","description":"Cuida el teu cor a l'estiu per tenir cura de la teva salut cardiovascular, i fer front a la calor i al canvi d'h\u00e0bits durant les vacances","robots":{"index":"index","follow":"follow","max-snippet":"max-snippet:-1","max-image-preview":"max-image-preview:large","max-video-preview":"max-video-preview:-1"},"canonical":"https:\/\/www.altermutua.com\/ca\/durant-les-vacances-cuida-el-teu-cor\/","og_locale":"ca_ES","og_type":"article","og_title":"Durant les vacances, cuida el teu cor","og_description":"Cuida el teu cor a l'estiu per tenir cura de la teva salut cardiovascular, i fer front a la calor i al canvi d'h\u00e0bits durant les vacances","og_url":"https:\/\/www.altermutua.com\/ca\/durant-les-vacances-cuida-el-teu-cor\/","og_site_name":"Alter M\u00fatua","article_publisher":"https:\/\/www.facebook.com\/altermutua\/","article_published_time":"2023-07-28T09:14:57+00:00","article_modified_time":"2023-07-28T09:22:01+00:00","og_image":[{"width":500,"height":316,"url":"https:\/\/www.altermutua.com\/wp-content\/uploads\/2023\/07\/blog_cor_estiu1.jpeg","type":"image\/jpeg"}],"author":"Helena Roqu\u00e9","twitter_card":"summary_large_image","twitter_creator":"@altermutua","twitter_site":"@altermutua","twitter_misc":{"Escrit per":"Helena Roqu\u00e9","Temps estimat de lectura":"5 minuts"},"schema":{"@context":"https:\/\/schema.org","@graph":[{"@type":"Article","@id":"https:\/\/www.altermutua.com\/ca\/durant-les-vacances-cuida-el-teu-cor\/#article","isPartOf":{"@id":"https:\/\/www.altermutua.com\/ca\/durant-les-vacances-cuida-el-teu-cor\/"},"author":{"name":"Helena Roqu\u00e9","@id":"https:\/\/www.altermutua.com\/ca\/#\/schema\/person\/db224fb934342ad5d327b49bc1c200db"},"headline":"Durant les vacances, cuida el teu cor","datePublished":"2023-07-28T09:14:57+00:00","dateModified":"2023-07-28T09:22:01+00:00","mainEntityOfPage":{"@id":"https:\/\/www.altermutua.com\/ca\/durant-les-vacances-cuida-el-teu-cor\/"},"wordCount":874,"publisher":{"@id":"https:\/\/www.altermutua.com\/ca\/#organization"},"image":{"@id":"https:\/\/www.altermutua.com\/ca\/durant-les-vacances-cuida-el-teu-cor\/#primaryimage"},"thumbnailUrl":"https:\/\/www.altermutua.com\/wp-content\/uploads\/2023\/07\/blog_cor_estiu1.jpeg","articleSection":["Salut"],"inLanguage":"ca"},{"@type":"WebPage","@id":"https:\/\/www.altermutua.com\/ca\/durant-les-vacances-cuida-el-teu-cor\/","url":"https:\/\/www.altermutua.com\/ca\/durant-les-vacances-cuida-el-teu-cor\/","name":"Durant les vacances, cuida el teu cor - Alter M\u00fatua","isPartOf":{"@id":"https:\/\/www.altermutua.com\/ca\/#website"},"primaryImageOfPage":{"@id":"https:\/\/www.altermutua.com\/ca\/durant-les-vacances-cuida-el-teu-cor\/#primaryimage"},"image":{"@id":"https:\/\/www.altermutua.com\/ca\/durant-les-vacances-cuida-el-teu-cor\/#primaryimage"},"thumbnailUrl":"https:\/\/www.altermutua.com\/wp-content\/uploads\/2023\/07\/blog_cor_estiu1.jpeg","datePublished":"2023-07-28T09:14:57+00:00","dateModified":"2023-07-28T09:22:01+00:00","description":"Cuida el teu cor a l'estiu per tenir cura de la teva salut cardiovascular, i fer front a la calor i al canvi d'h\u00e0bits durant les vacances","breadcrumb":{"@id":"https:\/\/www.altermutua.com\/ca\/durant-les-vacances-cuida-el-teu-cor\/#breadcrumb"},"inLanguage":"ca","potentialAction":[{"@type":"ReadAction","target":["https:\/\/www.altermutua.com\/ca\/durant-les-vacances-cuida-el-teu-cor\/"]}]},{"@type":"ImageObject","inLanguage":"ca","@id":"https:\/\/www.altermutua.com\/ca\/durant-les-vacances-cuida-el-teu-cor\/#primaryimage","url":"https:\/\/www.altermutua.com\/wp-content\/uploads\/2023\/07\/blog_cor_estiu1.jpeg","contentUrl":"https:\/\/www.altermutua.com\/wp-content\/uploads\/2023\/07\/blog_cor_estiu1.jpeg","width":500,"height":316},{"@type":"BreadcrumbList","@id":"https:\/\/www.altermutua.com\/ca\/durant-les-vacances-cuida-el-teu-cor\/#breadcrumb","itemListElement":[{"@type":"ListItem","position":1,"name":"Inici","item":"https:\/\/www.altermutua.com\/ca\/"},{"@type":"ListItem","position":2,"name":"Durant les vacances, cuida el teu cor"}]},{"@type":"WebSite","@id":"https:\/\/www.altermutua.com\/ca\/#website","url":"https:\/\/www.altermutua.com\/ca\/","name":"Alter M\u00fatua","description":"La M\u00fatua dels Advocats i Advocades","publisher":{"@id":"https:\/\/www.altermutua.com\/ca\/#organization"},"potentialAction":[{"@type":"SearchAction","target":{"@type":"EntryPoint","urlTemplate":"https:\/\/www.altermutua.com\/ca\/?s={search_term_string}"},"query-input":{"@type":"PropertyValueSpecification","valueRequired":true,"valueName":"search_term_string"}}],"inLanguage":"ca"},{"@type":"Organization","@id":"https:\/\/www.altermutua.com\/ca\/#organization","name":"Alter Mutua de los Abogados y Abogadas","url":"https:\/\/www.altermutua.com\/ca\/","logo":{"@type":"ImageObject","inLanguage":"ca","@id":"https:\/\/www.altermutua.com\/ca\/#\/schema\/logo\/image\/","url":"https:\/\/www.altermutua.com\/wp-content\/uploads\/2021\/04\/logo_altermutua_CA-1.svg","contentUrl":"https:\/\/www.altermutua.com\/wp-content\/uploads\/2021\/04\/logo_altermutua_CA-1.svg","width":358,"height":133,"caption":"Alter Mutua de los Abogados y Abogadas"},"image":{"@id":"https:\/\/www.altermutua.com\/ca\/#\/schema\/logo\/image\/"},"sameAs":["https:\/\/www.facebook.com\/altermutua\/","https:\/\/x.com\/altermutua","https:\/\/www.linkedin.com\/company\/alter-mutua-de-los-abogados\/mycompany\/","https:\/\/www.youtube.com\/channel\/UC1KJifmWZw8mUVxcfjQrHog"]},{"@type":"Person","@id":"https:\/\/www.altermutua.com\/ca\/#\/schema\/person\/db224fb934342ad5d327b49bc1c200db","name":"Helena Roqu\u00e9","image":{"@type":"ImageObject","inLanguage":"ca","@id":"https:\/\/secure.gravatar.com\/avatar\/976a2575b3b2bb56219d38905e2b4ea4e9dc207b2ee036eeadb04920852b4f3d?s=96&d=mm&r=g","url":"https:\/\/secure.gravatar.com\/avatar\/976a2575b3b2bb56219d38905e2b4ea4e9dc207b2ee036eeadb04920852b4f3d?s=96&d=mm&r=g","contentUrl":"https:\/\/secure.gravatar.com\/avatar\/976a2575b3b2bb56219d38905e2b4ea4e9dc207b2ee036eeadb04920852b4f3d?s=96&d=mm&r=g","caption":"Helena Roqu\u00e9"}}]}},"_links":{"self":[{"href":"https:\/\/www.altermutua.com\/ca\/wp-json\/wp\/v2\/posts\/15094","targetHints":{"allow":["GET"]}}],"collection":[{"href":"https:\/\/www.altermutua.com\/ca\/wp-json\/wp\/v2\/posts"}],"about":[{"href":"https:\/\/www.altermutua.com\/ca\/wp-json\/wp\/v2\/types\/post"}],"author":[{"embeddable":true,"href":"https:\/\/www.altermutua.com\/ca\/wp-json\/wp\/v2\/users\/3"}],"replies":[{"embeddable":true,"href":"https:\/\/www.altermutua.com\/ca\/wp-json\/wp\/v2\/comments?post=15094"}],"version-history":[{"count":0,"href":"https:\/\/www.altermutua.com\/ca\/wp-json\/wp\/v2\/posts\/15094\/revisions"}],"wp:featuredmedia":[{"embeddable":true,"href":"https:\/\/www.altermutua.com\/ca\/wp-json\/wp\/v2\/media\/15112"}],"wp:attachment":[{"href":"https:\/\/www.altermutua.com\/ca\/wp-json\/wp\/v2\/media?parent=15094"}],"wp:term":[{"taxonomy":"category","embeddable":true,"href":"https:\/\/www.altermutua.com\/ca\/wp-json\/wp\/v2\/categories?post=15094"},{"taxonomy":"post_tag","embeddable":true,"href":"https:\/\/www.altermutua.com\/ca\/wp-json\/wp\/v2\/tags?post=15094"}],"curies":[{"name":"wp","href":"https:\/\/api.w.org\/{rel}","templated":true}]}}